{"id":5815,"date":"2018-02-14T13:27:18","date_gmt":"2018-02-14T12:27:18","guid":{"rendered":"http:\/\/icem-www.folkwang-uni.de\/icem-web\/?p=5815"},"modified":"2018-07-01T02:50:56","modified_gmt":"2018-07-01T00:50:56","slug":"who-is-who-dirk-reith","status":"publish","type":"post","link":"https:\/\/icem-www.folkwang-uni.de\/icem-web\/who-is-who-dirk-reith\/","title":{"rendered":"Who&#8217;s Who &#8211; Dirk Reith"},"content":{"rendered":"<p><strong>Elektronische Musik ohne Computer im neuen Studio-A<a href=\"https:\/\/icem-www.folkwang-uni.de\/icem-web\/wp-content\/uploads\/2012\/02\/ICEM-Mitarbeiter_DSC01629_homepage.jpg\"><img loading=\"lazy\" decoding=\"async\" class=\"alignright wp-image-4710\" src=\"https:\/\/icem-www.folkwang-uni.de\/icem-web\/wp-content\/uploads\/2012\/02\/ICEM-Mitarbeiter_DSC01629_homepage.jpg\" alt=\"Rebecca ter Braak Photography\" width=\"326\" height=\"488\" \/><\/a>\u00a0<\/strong><\/p>\n<p>Die Retro-Welle erfasst uns immer wieder, ob in der bildenden Kunst, beim Film, in der Fotografie, der Mode, Architektur oder eben der Musik. F\u00fcr Prof. Dirk Reith, Leiter emeritus des ICEM, ist das Arbeiten mit dem analogen Synthesizer SYNLAB jedoch mehr als ein Aufflackern der Vergangenheit. Seit bald 40 Jahren besch\u00e4ftigt er sich mit diesem Instrument, anhand dessen er auch sein Seminar\u00a0<em>Musik ohne Computer<\/em> h\u00e4lt.<\/p>\n<p><strong>Dirk Reith \u00fcber das Studio-A<\/strong><\/p>\n<p>Studio \u2013 A, (\u201eA\u201c steht f\u00fcr analog) ist das neuste Studio des ICEM. Die Grundidee\u00a0bestand darin, dass man den analogen Gro\u00df-Synthesizer SYNLAB (ein Unikat aus dem\u00a0Jahre 1978) weiterhin in einer analogen Studioumgebung betreiben m\u00f6chte. Der\u00a0Studiotechniker Ralf Galberg hat dieses Studio zusammen mit Max Schmitz und Thomas Neuhaus geplant und dann so gut wie alleine aufgebaut. F\u00fcr die Raumakustik war dabei Fritz Fey verantwortlich. Erg\u00e4nzt wurde der SYNLAB mit historischen Instrumenten aus der Sammlung des ICEM, wie z.B. zwei Original EMS VCS3 Synthesizern.<br \/>\nAnaloge Klangerzeugung klingt nicht nur anders, sondern muss kompositorisch auch\u00a0anders gedacht und realisiert werden. Manche glauben, dass man heute alles auf\u00a0einem \u201eKlapprechner\u201c simulieren kann, das ist richtig, aber auch wieder nicht. Keiner\u00a0w\u00fcrde eine so komplexe Bedienoberfl\u00e4che, wie die des SYNLAB &#8211; mit hunderten von\u00a0Reglern, Tastern und Schaltern \u2013 simulieren. Aber gerade dieses Interface ist es,\u00a0das den Komponisten dazu zwingt, seine Musik anders zu \u201ebegreifen\u201c, im wahrsten<br \/>\nSinne dieses Wortes, durch den haptischen Vorgang bei der Realisation, Musik\u00a0neben der Komposition auch \u201espielerisch\u201c entstehen zu lassen. Ich erhoffe mir in\u00a0diesem Jahr &#8211; 40 Jahre nach der Erstinstallation -, dass wieder viele Werke mit\u00a0diesen historischen \u201eInstrumenten\u201c entstehen.<\/p>\n<p><a href=\"https:\/\/icem-www.folkwang-uni.de\/icem-web\/wp-content\/uploads\/2018\/02\/ICEM-Studios_DSC09468_web.jpg\"><img loading=\"lazy\" decoding=\"async\" class=\"alignnone wp-image-5826 size-large\" src=\"https:\/\/icem-www.folkwang-uni.de\/icem-web\/wp-content\/uploads\/2018\/02\/ICEM-Studios_DSC09468_web-1020x680.jpg\" alt=\"Foto: Rebecca ter Braak\" width=\"840\" height=\"560\" srcset=\"https:\/\/icem-www.folkwang-uni.de\/icem-web\/wp-content\/uploads\/2018\/02\/ICEM-Studios_DSC09468_web-1020x680.jpg 1020w, https:\/\/icem-www.folkwang-uni.de\/icem-web\/wp-content\/uploads\/2018\/02\/ICEM-Studios_DSC09468_web-632x421.jpg 632w, https:\/\/icem-www.folkwang-uni.de\/icem-web\/wp-content\/uploads\/2018\/02\/ICEM-Studios_DSC09468_web-768x512.jpg 768w, https:\/\/icem-www.folkwang-uni.de\/icem-web\/wp-content\/uploads\/2018\/02\/ICEM-Studios_DSC09468_web-600x400.jpg 600w, https:\/\/icem-www.folkwang-uni.de\/icem-web\/wp-content\/uploads\/2018\/02\/ICEM-Studios_DSC09468_web-120x80.jpg 120w, https:\/\/icem-www.folkwang-uni.de\/icem-web\/wp-content\/uploads\/2018\/02\/ICEM-Studios_DSC09468_web.jpg 1920w\" sizes=\"auto, (max-width: 840px) 100vw, 840px\" \/><\/a> <a href=\"https:\/\/icem-www.folkwang-uni.de\/icem-web\/wp-content\/uploads\/2018\/02\/ICEM-Studio-A-180213_DSC09499_web.jpg\"><img loading=\"lazy\" decoding=\"async\" class=\"alignnone wp-image-5825\" src=\"https:\/\/icem-www.folkwang-uni.de\/icem-web\/wp-content\/uploads\/2018\/02\/ICEM-Studio-A-180213_DSC09499_web-480x280.jpg\" alt=\"Foto: Rebecca ter Braak\" width=\"272\" height=\"181\" srcset=\"https:\/\/icem-www.folkwang-uni.de\/icem-web\/wp-content\/uploads\/2018\/02\/ICEM-Studio-A-180213_DSC09499_web-632x421.jpg 632w, https:\/\/icem-www.folkwang-uni.de\/icem-web\/wp-content\/uploads\/2018\/02\/ICEM-Studio-A-180213_DSC09499_web-768x512.jpg 768w, https:\/\/icem-www.folkwang-uni.de\/icem-web\/wp-content\/uploads\/2018\/02\/ICEM-Studio-A-180213_DSC09499_web-1020x680.jpg 1020w, https:\/\/icem-www.folkwang-uni.de\/icem-web\/wp-content\/uploads\/2018\/02\/ICEM-Studio-A-180213_DSC09499_web-600x400.jpg 600w, https:\/\/icem-www.folkwang-uni.de\/icem-web\/wp-content\/uploads\/2018\/02\/ICEM-Studio-A-180213_DSC09499_web-120x80.jpg 120w, https:\/\/icem-www.folkwang-uni.de\/icem-web\/wp-content\/uploads\/2018\/02\/ICEM-Studio-A-180213_DSC09499_web.jpg 1920w\" sizes=\"auto, (max-width: 272px) 100vw, 272px\" \/><\/a><a href=\"https:\/\/icem-www.folkwang-uni.de\/icem-web\/wp-content\/uploads\/2018\/02\/ICEM-Studios_DSC09475_web.jpg\">\u00a0<\/a><a href=\"https:\/\/icem-www.folkwang-uni.de\/icem-web\/wp-content\/uploads\/2018\/02\/ICEM-Studios_DSC09475_web.jpg\"><img loading=\"lazy\" decoding=\"async\" class=\"alignnone wp-image-5827\" src=\"https:\/\/icem-www.folkwang-uni.de\/icem-web\/wp-content\/uploads\/2018\/02\/ICEM-Studios_DSC09475_web-480x280.jpg\" alt=\"Foto: Rebecca ter Braak\" width=\"272\" height=\"181\" srcset=\"https:\/\/icem-www.folkwang-uni.de\/icem-web\/wp-content\/uploads\/2018\/02\/ICEM-Studios_DSC09475_web-632x421.jpg 632w, https:\/\/icem-www.folkwang-uni.de\/icem-web\/wp-content\/uploads\/2018\/02\/ICEM-Studios_DSC09475_web-768x512.jpg 768w, https:\/\/icem-www.folkwang-uni.de\/icem-web\/wp-content\/uploads\/2018\/02\/ICEM-Studios_DSC09475_web-1020x680.jpg 1020w, https:\/\/icem-www.folkwang-uni.de\/icem-web\/wp-content\/uploads\/2018\/02\/ICEM-Studios_DSC09475_web-600x400.jpg 600w, https:\/\/icem-www.folkwang-uni.de\/icem-web\/wp-content\/uploads\/2018\/02\/ICEM-Studios_DSC09475_web-120x80.jpg 120w, https:\/\/icem-www.folkwang-uni.de\/icem-web\/wp-content\/uploads\/2018\/02\/ICEM-Studios_DSC09475_web.jpg 1920w\" sizes=\"auto, (max-width: 272px) 100vw, 272px\" \/><\/a><a href=\"https:\/\/icem-www.folkwang-uni.de\/icem-web\/wp-content\/uploads\/2018\/02\/ICEM-Studios_DSC09485_web.jpg\">\u00a0<\/a><a href=\"https:\/\/icem-www.folkwang-uni.de\/icem-web\/wp-content\/uploads\/2018\/02\/ICEM-Studios_DSC09485_web.jpg\"><img loading=\"lazy\" decoding=\"async\" class=\"alignnone wp-image-5830\" src=\"https:\/\/icem-www.folkwang-uni.de\/icem-web\/wp-content\/uploads\/2018\/02\/ICEM-Studios_DSC09485_web-480x280.jpg\" alt=\"Foto: Rebecca ter Braak\" width=\"272\" height=\"181\" srcset=\"https:\/\/icem-www.folkwang-uni.de\/icem-web\/wp-content\/uploads\/2018\/02\/ICEM-Studios_DSC09485_web-632x421.jpg 632w, https:\/\/icem-www.folkwang-uni.de\/icem-web\/wp-content\/uploads\/2018\/02\/ICEM-Studios_DSC09485_web-768x512.jpg 768w, https:\/\/icem-www.folkwang-uni.de\/icem-web\/wp-content\/uploads\/2018\/02\/ICEM-Studios_DSC09485_web-1020x680.jpg 1020w, https:\/\/icem-www.folkwang-uni.de\/icem-web\/wp-content\/uploads\/2018\/02\/ICEM-Studios_DSC09485_web-600x400.jpg 600w, https:\/\/icem-www.folkwang-uni.de\/icem-web\/wp-content\/uploads\/2018\/02\/ICEM-Studios_DSC09485_web-120x80.jpg 120w, https:\/\/icem-www.folkwang-uni.de\/icem-web\/wp-content\/uploads\/2018\/02\/ICEM-Studios_DSC09485_web.jpg 1920w\" sizes=\"auto, (max-width: 272px) 100vw, 272px\" \/><\/a><\/p>\n<p><strong>Biografie<\/strong><\/p>\n<p>Dirk Reith (*1947) studierte Komposition an der Robert Schumann Musikhochschule in<br \/>\nD\u00fcsseldorf bei Milko Kelemen; parallel Tonigenieurstudium. Von 1974 bis 1976 studierte er<br \/>\nComputer-Komposition am Institut of Sonology der Universit\u00e4t Utrecht bei Gottfried\u00a0Michael Koenig. 1986 war er innerhalb eines Forschungsvorhabens Leiter des Fachbereichs\u00a0Musik in der Projektgruppe zur Planung des ZKMs (Zentrums f\u00fcr Kunst und\u00a0Medientechnologie in Karlsruhe). Auff\u00fchrung seiner Werke in Europa, USA, Ostasien und\u00a0Australien. Die Komposition &#8222;nested loops III&#8220; f\u00fcr Klavier und Tonb\u00e4nder wurde f\u00fcr die ICMC\u00a0(International Computer Music Conference) 1986 in Den Haag ausgew\u00e4hlt. Die Komposition\u00a0verSTIMMUNG wurde f\u00fcr die ICMC 1996 in Hong Kong ausgew\u00e4hlt und mit einer CD-Ver\u00f6ffentlichung ausgezeichnet. F\u00fcr die ICMC 2000 in Berlin wurde seine Komposition &#8222;Dialog aus M\u00e9chanique Mon Amour&#8220;, f\u00fcr Altsaxophon, Video und Elektronik ausgew\u00e4hlt.\u00a0Zahlreiche Ver\u00f6ffentlichungen zur Kompositionstheorie in instrumentaler und\u00a0elektronischer Musik und umfangreiche Forschungsvorhaben auf dem Gebiet der<br \/>\nComputermusik. Als Gastdozent Lehrt\u00e4tigkeit an Universit\u00e4ten und Instituten in folgenden\u00a0L\u00e4ndern: Holland, Frankreich, \u00d6sterreich, Italien, USA, Australien, Japan, Korea und Israel.\u00a0In den letzten Jahren kompositorische Besch\u00e4ftigung, vornehmlich mit der Verbindung von\u00a0mechanischen Instrumenten und Elektronik, multimedialen B\u00fchnenprojekten und auf dem\u00a0Gebiet der algorithmischen Komposition.<br \/>\nDirk Reith ist Gr\u00fcnder des Elektronischen Studios an der Folkwang-Hochschule Essen (1971)<br \/>\nund war dort bis 2012 Professor f\u00fcr Komposition. Er ist Gr\u00fcnder des ICEM (Institut f\u00fcr<br \/>\nComputermusik und Elektronische Medien) der Folkwang Universit\u00e4t der K\u00fcnste und war bis<br \/>\n2011 k\u00fcnstlerischer Leiter des Instituts. Zun\u00e4chst zusammen mit Thomas Neuhaus, dann mit Dietrich Hahne begr\u00fcndete er das\u00a0Internationalen Festival f\u00fcr Computer-Musik und Medienkunst ex machina in Essen. Er ist\u00a0Gr\u00fcndungsmitglied der gnmr (Gesellschaft f\u00fcr Neue Musik Ruhr) und war \u00fcber mehrere<br \/>\nJahre Vorsitzender der Gesellschaft. Sechs Jahre leitete er die Arbeitsgemeinschaft<br \/>\nMultimedia und Kunst und die Arbeitsgemeinschaft Interaktive Medienb\u00fchne NRW des<br \/>\nMinisteriums f\u00fcr Schule, Weiterbildung, Wissenschaft und Forschung des Landes Nord-<br \/>\nRhein-Westfalen. Von 1996 bis 20011 war Dirk Reith Herausgeber der CD Reihe &amp;quot;ex<br \/>\nmachina\u201c.<\/p>\n<p><a href=\"https:\/\/icem-www.folkwang-uni.de\/icem-web\/wp-content\/uploads\/2018\/02\/ICEM-Studios_DSC09479_web.jpg\"><img loading=\"lazy\" decoding=\"async\" class=\"alignnone wp-image-5828\" src=\"https:\/\/icem-www.folkwang-uni.de\/icem-web\/wp-content\/uploads\/2018\/02\/ICEM-Studios_DSC09479_web-480x280.jpg\" alt=\"Foto: Rebecca ter Braak\" width=\"410\" height=\"273\" srcset=\"https:\/\/icem-www.folkwang-uni.de\/icem-web\/wp-content\/uploads\/2018\/02\/ICEM-Studios_DSC09479_web-632x421.jpg 632w, https:\/\/icem-www.folkwang-uni.de\/icem-web\/wp-content\/uploads\/2018\/02\/ICEM-Studios_DSC09479_web-768x512.jpg 768w, https:\/\/icem-www.folkwang-uni.de\/icem-web\/wp-content\/uploads\/2018\/02\/ICEM-Studios_DSC09479_web-1020x680.jpg 1020w, https:\/\/icem-www.folkwang-uni.de\/icem-web\/wp-content\/uploads\/2018\/02\/ICEM-Studios_DSC09479_web-600x400.jpg 600w, https:\/\/icem-www.folkwang-uni.de\/icem-web\/wp-content\/uploads\/2018\/02\/ICEM-Studios_DSC09479_web-120x80.jpg 120w, https:\/\/icem-www.folkwang-uni.de\/icem-web\/wp-content\/uploads\/2018\/02\/ICEM-Studios_DSC09479_web.jpg 1920w\" sizes=\"auto, (max-width: 410px) 100vw, 410px\" \/><\/a><a href=\"https:\/\/icem-www.folkwang-uni.de\/icem-web\/wp-content\/uploads\/2018\/02\/ICEM-Studios_DSC09482_web.jpg\">\u00a0\u00a0<\/a><a href=\"https:\/\/icem-www.folkwang-uni.de\/icem-web\/wp-content\/uploads\/2018\/02\/ICEM-Studios_DSC09482_web.jpg\"><img loading=\"lazy\" decoding=\"async\" class=\"alignnone wp-image-5829\" src=\"https:\/\/icem-www.folkwang-uni.de\/icem-web\/wp-content\/uploads\/2018\/02\/ICEM-Studios_DSC09482_web-480x280.jpg\" alt=\"Foto: Rebecca ter Braak\" width=\"410\" height=\"273\" srcset=\"https:\/\/icem-www.folkwang-uni.de\/icem-web\/wp-content\/uploads\/2018\/02\/ICEM-Studios_DSC09482_web-632x421.jpg 632w, https:\/\/icem-www.folkwang-uni.de\/icem-web\/wp-content\/uploads\/2018\/02\/ICEM-Studios_DSC09482_web-768x512.jpg 768w, https:\/\/icem-www.folkwang-uni.de\/icem-web\/wp-content\/uploads\/2018\/02\/ICEM-Studios_DSC09482_web-1020x680.jpg 1020w, https:\/\/icem-www.folkwang-uni.de\/icem-web\/wp-content\/uploads\/2018\/02\/ICEM-Studios_DSC09482_web-600x400.jpg 600w, https:\/\/icem-www.folkwang-uni.de\/icem-web\/wp-content\/uploads\/2018\/02\/ICEM-Studios_DSC09482_web-120x80.jpg 120w, https:\/\/icem-www.folkwang-uni.de\/icem-web\/wp-content\/uploads\/2018\/02\/ICEM-Studios_DSC09482_web.jpg 1920w\" sizes=\"auto, (max-width: 410px) 100vw, 410px\" \/><\/a><\/p>\n<p><strong>Drei Fragen an Dirk Reith<\/strong><\/p>\n<p><em>Angenommen, zeitliche Faktoren und dergleichen spielten keine Rolle: G\u00e4be\u00a0<\/em><em>es einen Musik-fremden Studiengang oder eine Ausbildung, der oder die Sie\u00a0<\/em><em>heute reizen w\u00fcrde?<\/em><br \/>\nFotografie<\/p>\n<p><em>Stellen wir das Studieren, wie Sie es erlebt haben, dem Kompositionsstudium\u00a0<\/em><em>heute gegen\u00fcber. In wie fern hat es sich ver\u00e4ndert?<\/em><br \/>\nFr\u00fcher musste man sich all die F\u00e4cher im Sinne eines \u201eStudium Generale\u201c\u00a0zusammensuchen, heute kann man an der Folkwang Universit\u00e4t der K\u00fcnste\u00a0das Studium \u201eIntegrative Komposition\u201c belegen.<\/p>\n<p><em>Haben Sie sich als Komponist durch das Unterrichten ver\u00e4ndert?<\/em><br \/>\nDa ich schon w\u00e4hrend meines Studiums unterrichtet habe, war mein ganzes\u00a0Leben durch diese Kommunikation des Gebens und Nehmens stark gepr\u00e4gt.\u00a0Ich habe gelernt hinzuh\u00f6ren und verfolgen d\u00fcrfen, wie etwas von der ersten\u00a0Idee ausgehend Gestalt annimmt.<\/p>\n","protected":false},"excerpt":{"rendered":"<p>Elektronische Musik ohne Computer im neuen Studio-A\u00a0 Die Retro-Welle erfasst uns immer wieder, ob in der bildenden Kunst, beim Film,<\/p>\n","protected":false},"author":27,"featured_media":5823,"comment_status":"closed","ping_status":"closed","sticky":false,"template":"","format":"standard","meta":{"_acf_changed":false,"footnotes":""},"categories":[1],"tags":[],"class_list":["post-5815","post","type-post","status-publish","format-standard","has-post-thumbnail","hentry","category-news"],"acf":[],"_links":{"self":[{"href":"https:\/\/icem-www.folkwang-uni.de\/icem-web\/wp-json\/wp\/v2\/posts\/5815","targetHints":{"allow":["GET"]}}],"collection":[{"href":"https:\/\/icem-www.folkwang-uni.de\/icem-web\/wp-json\/wp\/v2\/posts"}],"about":[{"href":"https:\/\/icem-www.folkwang-uni.de\/icem-web\/wp-json\/wp\/v2\/types\/post"}],"author":[{"embeddable":true,"href":"https:\/\/icem-www.folkwang-uni.de\/icem-web\/wp-json\/wp\/v2\/users\/27"}],"replies":[{"embeddable":true,"href":"https:\/\/icem-www.folkwang-uni.de\/icem-web\/wp-json\/wp\/v2\/comments?post=5815"}],"version-history":[{"count":21,"href":"https:\/\/icem-www.folkwang-uni.de\/icem-web\/wp-json\/wp\/v2\/posts\/5815\/revisions"}],"predecessor-version":[{"id":6481,"href":"https:\/\/icem-www.folkwang-uni.de\/icem-web\/wp-json\/wp\/v2\/posts\/5815\/revisions\/6481"}],"wp:featuredmedia":[{"embeddable":true,"href":"https:\/\/icem-www.folkwang-uni.de\/icem-web\/wp-json\/wp\/v2\/media\/5823"}],"wp:attachment":[{"href":"https:\/\/icem-www.folkwang-uni.de\/icem-web\/wp-json\/wp\/v2\/media?parent=5815"}],"wp:term":[{"taxonomy":"category","embeddable":true,"href":"https:\/\/icem-www.folkwang-uni.de\/icem-web\/wp-json\/wp\/v2\/categories?post=5815"},{"taxonomy":"post_tag","embeddable":true,"href":"https:\/\/icem-www.folkwang-uni.de\/icem-web\/wp-json\/wp\/v2\/tags?post=5815"}],"curies":[{"name":"wp","href":"https:\/\/api.w.org\/{rel}","templated":true}]}}