{"id":6477,"date":"2018-07-01T02:54:05","date_gmt":"2018-07-01T00:54:05","guid":{"rendered":"https:\/\/icem-www.folkwang-uni.de\/icem-web\/?p=6477"},"modified":"2018-07-02T13:05:58","modified_gmt":"2018-07-02T11:05:58","slug":"whos-who-michael-edwards","status":"publish","type":"post","link":"https:\/\/icem-www.folkwang-uni.de\/icem-web\/whos-who-michael-edwards\/","title":{"rendered":"Who&#8217;s who &#8211; Michael Edwards"},"content":{"rendered":"<figure id=\"attachment_4705\" aria-describedby=\"caption-attachment-4705\" style=\"width: 400px\" class=\"wp-caption alignnone\"><a href=\"https:\/\/icem-www.folkwang-uni.de\/icem-web\/wp-content\/uploads\/2012\/02\/ICEM-Mitarbeiter_DSC01545_homepage.jpg\"><img loading=\"lazy\" decoding=\"async\" class=\"size-full wp-image-4705\" src=\"https:\/\/icem-www.folkwang-uni.de\/icem-web\/wp-content\/uploads\/2012\/02\/ICEM-Mitarbeiter_DSC01545_homepage.jpg\" alt=\"Rebecca ter Braak Photography\" width=\"400\" height=\"600\" \/><\/a><figcaption id=\"caption-attachment-4705\" class=\"wp-caption-text\">Foto: Rebecca ter Braak<\/figcaption><\/figure>\n<p><strong>Unser neuer Professor f\u00fcr Elektronische Komposition stellt sich vor\u00a0<\/strong><\/p>\n<p>Heute Abend (2. Juni 2018) findet das offizielle Antrittskonzert unseres neuen Lehrenden der Elektronischen Komposition, <strong>Michael Edwards<\/strong>, gemeinsam mit <a href=\"https:\/\/icem-www.folkwang-uni.de\/icem-web\/2018\/05\/07\/who-is-who-barbara-maurer\/\">Barbara Maurer<\/a> und Susanne Achilles\u00a0an der Folkwang Universit\u00e4t der K\u00fcnste statt. Am 12.7. reist Michael Edwards zum World Saxophone Congress in Zagreb (solo Alt-Saxophon, Ensemble und Elektronik, &#8222;HOTPO&#8220;), und am 20. Juli 2018 wird sein St\u00fcck <a href=\"https:\/\/www.youtube.com\/watch?v=7Y_ghBCPZQE\">Durchhalteverm\u00f6gen<\/a> (solo Violine) beim\u00a0Valencia International Performance Academy &amp; Festival aufgef\u00fchrt.<\/p>\n<p><strong>&#8212; Biografie &#8212;<\/strong><\/p>\n<p>Michael David Edwards, geb. 1968 im nordwest- englischen Cheshire, studierte zun\u00e4chst an der Universit\u00e4t von Bristol bei Adrian Beaumont. Weiteren Kompositions-\u00a0unterricht erhielt er privat von Gwyn Pritchard. An der Stanford University in Kalifornien studierte er Computermusik bei John Chowning.<\/p>\n<p>Er arbeitete als Softwareingenieur am Canon Research Centre im Silicon Valley, war Gastprofessor am Mozarteum in Salzburg und war als Komponist Gast am Forschungsinstitut f\u00fcr Akustik\/Musik, IRCAM, in Paris.<br \/>\nVon 2002 bis 2017 lehrte er an der Universit\u00e4t Edinburgh und seit Oktober 2017 ist er Professor f\u00fcr Elektronische Komposition an der Folkwang Universit\u00e4t der K\u00fcnste.<\/p>\n<p>&#8212; Drei Fragen an\u00a0<strong>Michael Edwards<\/strong> &#8212;<\/p>\n<p><em>Angenommen, zeitliche Faktoren und dergleichen spielten keine Rolle: G\u00e4be es einen<\/em><br \/>\n<em>Musik-fremden Studiengang oder eine Ausbildung, der oder die Sie heute reizen w\u00fcrde?<\/em><\/p>\n<p>Meeresforscher<\/p>\n<p><em>Stellen wir das Studieren, wie Sie es erlebt haben, dem Kompositionsstudium heute gegen\u00fcber. In wie fern hat es sich ver\u00e4ndert?<\/em><\/p>\n<p>Als ich Student war waren zwei Facetten der heutigen Szene so gut wie gar nicht zu finden: Improvisation und Computermusik (oder allgemeiner ausgedr\u00fcckt, Musik, die im weitesten Sinn irgendwie mit Hilfe des Computers gemacht wird). Beide waren \u00a0nat\u00fcrlich schon vorhanden, waren aber nicht Teil der meisten Uni-Curricula nicht. Ich finde es super, dass heutzutage die verschiedenste Arten Musik zu machen an der Uni nicht nur gesch\u00e4tzt, sondern durchaus unterrichtet und praktiziert werden.<\/p>\n<p><em>Haben Sie sich als Komponist durch das Unterrichten ver\u00e4ndert?<\/em><\/p>\n<p>St\u00e4ndig. Ich bekomme links und rechts Ideen durch den Unterricht, nicht nur im Austausch mit StudentInnen sondern auch, dass ich durch das Unterrichten viel dar\u00fcber nachdenken muss, was, wie und warum ich eigentlich meine eigene Musik mache so wie ich sie mache. Auch wenn man \u00e4lter wird (bin gerade 50 geworden) merkt man im Austausch mit StudentInnen, was der jungen Generation wichtig ist, wie das von der \u00e4lteren Generation gepr\u00e4gt ist und wie nicht. Das zeigt manchmal eine neue Abspaltung oder kl\u00e4rt den Weg.<\/p>\n<p>&#8212; \u00dcber seine Arbeit &#8212;<\/p>\n<p>&#8222;As a composer I work in the area of instrumental, electronic, and algorithmic composition (software-generated music). My main focus is an amalgam of these, combining acoustic instruments and digitally processed or synthesised sound.<\/p>\n<p>I firmly believe that by coding your own musical ideas you can explore them with a depth that would be impossible otherwise. To not code your own algorithms would be a little like trying to get inside a culture without knowing its language.<\/p>\n<p>I generally aim to blend rather than oppose acoustic and electronic sound sources, to present a coherent sonic image where the new and old not only meet but cross-fertilise. This goes beyond the surface sound world into the very musical structures themselves. I algorithmically generate my instrumental and computer music structures from the same musical data, creating a more deeply-rooted synthesis of these two often structurally incompatible sound worlds.<\/p>\n<p>Seeing myself as part of the experimental tradition of Western composition means I refuse to be pinned down to any particular aesthetic or approach. I grew up in a musically pluralistic environment and from my earliest years had no problem switching between Hendrix and Ligeti. So I improvise too, on saxophones, laptop, and MIDI wind controller.<\/p>\n<p>My music, then, ranges from long, delicate meditations for the piano and computer, to dense and aggressive ensemble music exploring performance failure, to freely improvised electro-instrumental noise. I am decreasingly occupied with the specification of fixed musical details and increasingly interested in making flexible software to create variable scores as expressions of the musical-generative idea&#8211;I&#8217;m just swapping one code for another, really.&#8220;<\/p>\n<p>Weitere Informationen finden sich auf Michael Edwards\u00a0<a href=\"http:\/\/www.michael-edwards.org\/\">Homepage<\/a>.<\/p>\n","protected":false},"excerpt":{"rendered":"<p>Unser neuer Professor f\u00fcr Elektronische Komposition stellt sich vor\u00a0 Heute Abend (2. Juni 2018) findet das offizielle Antrittskonzert unseres neuen<\/p>\n","protected":false},"author":27,"featured_media":4705,"comment_status":"closed","ping_status":"closed","sticky":false,"template":"","format":"standard","meta":{"_acf_changed":false,"footnotes":""},"categories":[1,60],"tags":[],"class_list":["post-6477","post","type-post","status-publish","format-standard","has-post-thumbnail","hentry","category-news","category-who-is-who"],"acf":[],"_links":{"self":[{"href":"https:\/\/icem-www.folkwang-uni.de\/icem-web\/wp-json\/wp\/v2\/posts\/6477","targetHints":{"allow":["GET"]}}],"collection":[{"href":"https:\/\/icem-www.folkwang-uni.de\/icem-web\/wp-json\/wp\/v2\/posts"}],"about":[{"href":"https:\/\/icem-www.folkwang-uni.de\/icem-web\/wp-json\/wp\/v2\/types\/post"}],"author":[{"embeddable":true,"href":"https:\/\/icem-www.folkwang-uni.de\/icem-web\/wp-json\/wp\/v2\/users\/27"}],"replies":[{"embeddable":true,"href":"https:\/\/icem-www.folkwang-uni.de\/icem-web\/wp-json\/wp\/v2\/comments?post=6477"}],"version-history":[{"count":8,"href":"https:\/\/icem-www.folkwang-uni.de\/icem-web\/wp-json\/wp\/v2\/posts\/6477\/revisions"}],"predecessor-version":[{"id":6495,"href":"https:\/\/icem-www.folkwang-uni.de\/icem-web\/wp-json\/wp\/v2\/posts\/6477\/revisions\/6495"}],"wp:featuredmedia":[{"embeddable":true,"href":"https:\/\/icem-www.folkwang-uni.de\/icem-web\/wp-json\/wp\/v2\/media\/4705"}],"wp:attachment":[{"href":"https:\/\/icem-www.folkwang-uni.de\/icem-web\/wp-json\/wp\/v2\/media?parent=6477"}],"wp:term":[{"taxonomy":"category","embeddable":true,"href":"https:\/\/icem-www.folkwang-uni.de\/icem-web\/wp-json\/wp\/v2\/categories?post=6477"},{"taxonomy":"post_tag","embeddable":true,"href":"https:\/\/icem-www.folkwang-uni.de\/icem-web\/wp-json\/wp\/v2\/tags?post=6477"}],"curies":[{"name":"wp","href":"https:\/\/api.w.org\/{rel}","templated":true}]}}