{"id":7330,"date":"2018-10-10T09:09:27","date_gmt":"2018-10-10T07:09:27","guid":{"rendered":"https:\/\/icem-www.folkwang-uni.de\/icem-web\/?p=7330"},"modified":"2018-10-10T12:31:06","modified_gmt":"2018-10-10T10:31:06","slug":"willkommen-2018","status":"publish","type":"post","link":"https:\/\/icem-www.folkwang-uni.de\/icem-web\/willkommen-2018\/","title":{"rendered":"Willkommen! 2018"},"content":{"rendered":"<figure style=\"width: 400px\" class=\"wp-caption alignnone\"><img loading=\"lazy\" decoding=\"async\" class=\"size-medium\" src=\"https:\/\/www.folkwang-uni.de\/fileadmin\/medien\/aktuell\/WiSe18-19\/Folkwang-Willkommen-wise-2018-19-3.JPG\" width=\"400\" height=\"600\" \/><figcaption class=\"wp-caption-text\">Foto: Hanne Ermann<\/figcaption><\/figure>\n<!--[if lt IE 9]><script>document.createElement('audio');<\/script><![endif]-->\n<audio class=\"wp-audio-shortcode\" id=\"audio-7330-1\" preload=\"none\" style=\"width: 100%;\" controls=\"controls\"><source type=\"audio\/mpeg\" src=\"https:\/\/icem-www.folkwang-uni.de\/icem-web\/wp-content\/uploads\/2018\/10\/22aus13stereo.mp3?_=1\" \/><a href=\"https:\/\/icem-www.folkwang-uni.de\/icem-web\/wp-content\/uploads\/2018\/10\/22aus13stereo.mp3\">https:\/\/icem-www.folkwang-uni.de\/icem-web\/wp-content\/uploads\/2018\/10\/22aus13stereo.mp3<\/a><\/audio>\n<p>&nbsp;<\/p>\n<p>Bei der &#8222;Willkommen!&#8220; Veranstaltung am 8. Oktober wurde eine neue\u00a0kollaborative Komposition aus dem ICEM namens &#8222;22aus13&#8220; pr\u00e4sentiert. \u00dcber den Sommer haben dreizehn KomponistInnen nacheinander (und manche sogar zweimal) jeweils ca. 20 Sekunden Musik komponiert, dabei immer auf die vorangehende Musik reagierend, \u00a0um so eine Art Kettenkomposition entstehen zu lassen. Pr\u00e4sentiert wurde das vierkan\u00e4lige St\u00fcck vom\u00a0Rektor Prof. Dr. Andreas Jacob neben anderen Tanz- und Musikauff\u00fchrungen in der Neuen Aula der Folkwang Universit\u00e4t der K\u00fcnste am Werdener Campus.<\/p>\n<p><span style=\"font-size: 1.0625rem;\">Die beteiligten ICEM Lehrenden und Studierenden waren Marius Bajog, Lukas Becker, Michael Edwards, Florian Gernu\u00df, Celso Machado, Marjan Markelj, Thomas Neuhaus, Alexandra Palamaroudas, Tim Pauli, Dirk Reith, Peter Rubel, Sebastian Wendt und Levin Zimmermann.<\/span><\/p>\n","protected":false},"excerpt":{"rendered":"<p>&nbsp; Bei der &#8222;Willkommen!&#8220; Veranstaltung am 8. Oktober wurde eine neue\u00a0kollaborative Komposition aus dem ICEM namens &#8222;22aus13&#8220; pr\u00e4sentiert. \u00dcber den<\/p>\n","protected":false},"author":29,"featured_media":747,"comment_status":"closed","ping_status":"closed","sticky":false,"template":"","format":"standard","meta":{"_acf_changed":false,"footnotes":""},"categories":[1],"tags":[],"class_list":["post-7330","post","type-post","status-publish","format-standard","has-post-thumbnail","hentry","category-news"],"acf":[],"_links":{"self":[{"href":"https:\/\/icem-www.folkwang-uni.de\/icem-web\/wp-json\/wp\/v2\/posts\/7330","targetHints":{"allow":["GET"]}}],"collection":[{"href":"https:\/\/icem-www.folkwang-uni.de\/icem-web\/wp-json\/wp\/v2\/posts"}],"about":[{"href":"https:\/\/icem-www.folkwang-uni.de\/icem-web\/wp-json\/wp\/v2\/types\/post"}],"author":[{"embeddable":true,"href":"https:\/\/icem-www.folkwang-uni.de\/icem-web\/wp-json\/wp\/v2\/users\/29"}],"replies":[{"embeddable":true,"href":"https:\/\/icem-www.folkwang-uni.de\/icem-web\/wp-json\/wp\/v2\/comments?post=7330"}],"version-history":[{"count":6,"href":"https:\/\/icem-www.folkwang-uni.de\/icem-web\/wp-json\/wp\/v2\/posts\/7330\/revisions"}],"predecessor-version":[{"id":7337,"href":"https:\/\/icem-www.folkwang-uni.de\/icem-web\/wp-json\/wp\/v2\/posts\/7330\/revisions\/7337"}],"wp:featuredmedia":[{"embeddable":true,"href":"https:\/\/icem-www.folkwang-uni.de\/icem-web\/wp-json\/wp\/v2\/media\/747"}],"wp:attachment":[{"href":"https:\/\/icem-www.folkwang-uni.de\/icem-web\/wp-json\/wp\/v2\/media?parent=7330"}],"wp:term":[{"taxonomy":"category","embeddable":true,"href":"https:\/\/icem-www.folkwang-uni.de\/icem-web\/wp-json\/wp\/v2\/categories?post=7330"},{"taxonomy":"post_tag","embeddable":true,"href":"https:\/\/icem-www.folkwang-uni.de\/icem-web\/wp-json\/wp\/v2\/tags?post=7330"}],"curies":[{"name":"wp","href":"https:\/\/api.w.org\/{rel}","templated":true}]}}