{"id":8912,"date":"2021-06-28T10:19:18","date_gmt":"2021-06-28T08:19:18","guid":{"rendered":"https:\/\/icem-www.folkwang-uni.de\/icem-web\/?p=8912"},"modified":"2021-06-28T10:19:18","modified_gmt":"2021-06-28T08:19:18","slug":"icem-zkm-next_generation-8-5","status":"publish","type":"post","link":"https:\/\/icem-www.folkwang-uni.de\/icem-web\/icem-zkm-next_generation-8-5\/","title":{"rendered":"ICEM @ ZKM ne(x)t_generation 8.5"},"content":{"rendered":"\n<p>ICEM und Student:innen der Integrative Komposition waren am zweiten Tag des am ZKM stattfindenden gr\u00f6\u00dften Treffen der Hochschulstudios f\u00fcr elektronische Musik \u00bb<a href=\"https:\/\/zkm.de\/de\/veranstaltung\/2021\/06\/nextgeneration-85\">next_generation<\/a>\u00ab pr\u00e4sent. Das unten stehende Video ging mit einer Diskussion \u00fcber das Thema <em>&#8222;Zwischen Kunstmusik und Pop: Wie gehen elektronische Studios mit \u00e4sthetischer Diversit\u00e4t um und was k\u00f6nnte diese Heterogenit\u00e4t heute und in Zukunft zum Ausbildungsprozess beitragen?&#8220;<\/em> los, in dem Michael Edwards, Professor f\u00fcr Elektronische Komposition am ICEM, beigetragen hat. Sp\u00e4ter im gleichen Video waren neue Werke von ICEM Komponist:innen zu h\u00f6ren und sehen:<\/p>\n\n\n\n<p>Simon Bahr \u00bb\u2026And Sugar (Low-Sugar Version)\u00ab (2021), 3\u201818\u2018\u2018<br> Levin Zimmermann \u00bboT|2019|2020|2021\u20181\u00ab (2019-2021), 1\u201822\u2018\u2018<br> Theo Voerste \u00bbRaumerweiterung: Protoyp #1\u00ab (2021), 3\u201815\u2018\u2018<br> Clarissa Ray Porst \u00bbTrainscape\u00ab (2020-2021), 2\u201842\u2018\u2018<br> Levin Zimmermann \u00bboT|2019|2020|2021\u20182\u00ab, (2019-2021), 1\u201822\u2018\u2018<br> Leon Maximilian Focker\u00bbClaw Machine II\u00ab (2021), 2\u201850\u2018\u2018<\/p>\n\n\n\n<p><\/p>\n\n\n\n<figure class=\"wp-block-embed-youtube wp-block-embed is-type-video is-provider-youtube wp-embed-aspect-16-9 wp-has-aspect-ratio\"><div class=\"wp-block-embed__wrapper\">\n<iframe loading=\"lazy\" title=\"ne(x)t_generation 8.5 | Streaming festival of electronic university studios | 26.06.2021\" width=\"840\" height=\"473\" src=\"https:\/\/www.youtube.com\/embed\/dlDM0gg9T7c?feature=oembed\" frameborder=\"0\" allow=\"accelerometer; autoplay; clipboard-write; encrypted-media; gyroscope; picture-in-picture\" allowfullscreen><\/iframe>\n<\/div><\/figure>\n\n\n\n<p><br><br><\/p>\n","protected":false},"excerpt":{"rendered":"<p>ICEM und Student:innen der Integrative Komposition waren am zweiten Tag des am ZKM stattfindenden gr\u00f6\u00dften Treffen der Hochschulstudios f\u00fcr elektronische<\/p>\n","protected":false},"author":29,"featured_media":8913,"comment_status":"closed","ping_status":"closed","sticky":false,"template":"","format":"standard","meta":{"_acf_changed":false,"footnotes":""},"categories":[1],"tags":[],"class_list":["post-8912","post","type-post","status-publish","format-standard","has-post-thumbnail","hentry","category-news"],"acf":[],"_links":{"self":[{"href":"https:\/\/icem-www.folkwang-uni.de\/icem-web\/wp-json\/wp\/v2\/posts\/8912","targetHints":{"allow":["GET"]}}],"collection":[{"href":"https:\/\/icem-www.folkwang-uni.de\/icem-web\/wp-json\/wp\/v2\/posts"}],"about":[{"href":"https:\/\/icem-www.folkwang-uni.de\/icem-web\/wp-json\/wp\/v2\/types\/post"}],"author":[{"embeddable":true,"href":"https:\/\/icem-www.folkwang-uni.de\/icem-web\/wp-json\/wp\/v2\/users\/29"}],"replies":[{"embeddable":true,"href":"https:\/\/icem-www.folkwang-uni.de\/icem-web\/wp-json\/wp\/v2\/comments?post=8912"}],"version-history":[{"count":1,"href":"https:\/\/icem-www.folkwang-uni.de\/icem-web\/wp-json\/wp\/v2\/posts\/8912\/revisions"}],"predecessor-version":[{"id":8914,"href":"https:\/\/icem-www.folkwang-uni.de\/icem-web\/wp-json\/wp\/v2\/posts\/8912\/revisions\/8914"}],"wp:featuredmedia":[{"embeddable":true,"href":"https:\/\/icem-www.folkwang-uni.de\/icem-web\/wp-json\/wp\/v2\/media\/8913"}],"wp:attachment":[{"href":"https:\/\/icem-www.folkwang-uni.de\/icem-web\/wp-json\/wp\/v2\/media?parent=8912"}],"wp:term":[{"taxonomy":"category","embeddable":true,"href":"https:\/\/icem-www.folkwang-uni.de\/icem-web\/wp-json\/wp\/v2\/categories?post=8912"},{"taxonomy":"post_tag","embeddable":true,"href":"https:\/\/icem-www.folkwang-uni.de\/icem-web\/wp-json\/wp\/v2\/tags?post=8912"}],"curies":[{"name":"wp","href":"https:\/\/api.w.org\/{rel}","templated":true}]}}