{"id":9145,"date":"2021-10-22T15:34:16","date_gmt":"2021-10-22T13:34:16","guid":{"rendered":"https:\/\/icem-www.folkwang-uni.de\/icem-web\/?p=9145"},"modified":"2021-10-22T15:44:06","modified_gmt":"2021-10-22T13:44:06","slug":"symposium-50-years-of-electronic-music-and-audiovisuals-timetable","status":"publish","type":"post","link":"https:\/\/icem-www.folkwang-uni.de\/icem-web\/symposium-50-years-of-electronic-music-and-audiovisuals-timetable\/","title":{"rendered":"Symposium &#8222;50 Years of electronic music and audiovisuals&#8220; &#8211; Timetable"},"content":{"rendered":"\n<p>Auf dieser Seite eine erste, kurze \u00dcbersicht. Details gibt es in unserem \/ <em>Here is a first, short overview. Details can be found in our<\/em><\/p>\n\n\n\n<div class=\"wp-block-file\"><a href=\"https:\/\/icem-www.folkwang-uni.de\/icem-web\/wp-content\/uploads\/2021\/10\/ICEM_Booklet_Web-final.pdf\">Booklet <\/a><a href=\"https:\/\/icem-www.folkwang-uni.de\/icem-web\/wp-content\/uploads\/2021\/10\/ICEM_Booklet_Web-final.pdf\" class=\"wp-block-file__button\" download>Herunterladen<\/a><\/div>\n\n\n\n<h2 class=\"wp-block-heading\">Tagesablauf\/Daily Schedule<\/h2>\n\n\n\n<p>10:00-11:00, 11:00-12:00, 15:00-16:00.16:00-17:00: Kammermusiksaal: Discussions<br><br>14:00-15:00, 17:00-19:30 Foyer: Installation<br><br>13 :00-14:00, 19:30-21:00 Neue Aula: Concerts<\/p>\n\n\n\n<h2 class=\"wp-block-heading\">11.11.<\/h2>\n\n\n\n<p>10:00 Kammermusiksaal Discussion 1:  Dirk Reith: <em>What is the relationship of electronic music today to that of the 1950 \/60s avant-garde, and specifically, which predictions from that time came true, and which didn\u2019t?<\/em><\/p>\n\n\n\n<p>11:00 Kammermusiksaal Discussion 2: Hans Tutschku <em>How should we teach elec &#8211; tronic music, or in particular how should we reflect the in &#8211; herent relationship between aesthetics and technology in our lessons and curricula?<\/em><\/p>\n\n\n\n<p>13:00  Neue Aula Concert 1: SYNLAB<br><br>Dirk Reith NESTED LOOPS V <br>Claudius Br\u00fcse KAPITEL 80 <br>J\u00f6rg Lensing DES K\u00d6NIGS NEUES KLEID<br>Nicolas Jemming ANGELIQUE, MAIS SANS DIEU <br>Achim Bornh\u00f6ft ARTIFICIAL CLICH\u00c9S<br>Kees Tazelaar GEOGLYPHS <br><\/p>\n\n\n\n<p>15:00 Kammermusiksaal Discussion 3:  Florian Zwi\u00dfler <em>The eternal work of art: how much future does electronic music need and should we worry about technology ob &#8211; solescence?<\/em><\/p>\n\n\n\n<p>16:00 Kammermusiksaal Discussion 4: Kees Tazelaar <em>Does electronic music still exist or has it been sub &#8211; sumed into other genres?<\/em><\/p>\n\n\n\n<p>19:30  Neue Aula Concert 2: VIDEO|DE L&#8217;AUTRE COT\u00c9<br><br>Misagh Azimi PANIC DRIVEN DIARIES <br>Tristan Berger RECOGNIZER <br>Dietrich Hahne LA D\u00c9FENSE DE LA PEINE (UA) <br>Dirk Reith VARIATIONEN \u00dcBER DIE KESSELHAUSSUITE (UA) <br>Philipp Ludwig Stangl QUAD<br>Claudia Robles Angel DE L\u2019AUTRE C\u00d4T\u00c9 (UA) <\/p>\n\n\n\n<h2 class=\"wp-block-heading\">12.11.<\/h2>\n\n\n\n<p>10:00 Kammermusiksaal Discussion 5: Claudia Robles-Angel<em> In either their visual or sonic aspect, are loudspeakers disturbing or otherwise distracting, simply a necessary part of the performance, or do they deliver a positive quality of their own in concert situations?<\/em><\/p>\n\n\n\n<p>11:00 Kammermusiksaal Discussion 6: Dietrich Hahne &amp; Claudius Lazzeroni <em>Does (electronic) music need a visual element?<\/em><\/p>\n\n\n\n<p>13:00  Neue Aula Concert 3: CINEMA FOR THE EARS<br><br>dis.playce (Max Marcoll &amp; Hannes Seidl) R4 <br>Kerim Karaoglu WIE ES WIRKLICH WAR <br>Claudia Robles Angel GLOCKENWELT<br>Christiane Strothmann RICK\u2019S POSAUNE<br>Florian Hartlieb IM VORDEREN ZIMMER DES HINTEREN RAUMES <br>Claudia Robles Angel WANDERING IN MORELIA<br>Thomas Neuhaus REVELATIONS AND A TERRACE TALK<br>Dirk Reith &amp; Claudius Lazzeroni SCATTERED VOICES<\/p>\n\n\n\n<p>15:00 Kammermusiksaal Discussion 7: Maja S. K. Ratkje <em>How is, why, and should sound art be distinguished from electronic music?<\/em><\/p>\n\n\n\n<p>16:00  Kammermusiksaal Discussion 8: Maja S. K. Ratkje <em>How is, why, and should sound art be distinguished from electronic music?<\/em><\/p>\n\n\n\n<p>19:30 Neue Aula Concert 4: MIT\/\u00dcBER STIMME<br><br>Dirk Reith verSTIMMUNG<br>Stefan Kreitmayer TONGUES OF BIRE<br>Roman Pfeifer STUDIE ZU EINEM LAUTGEDICHT<br>Friedhelm Hartmann (Freed) PORTRAITS OF A WOMAN II \u2014 Sirenes<br>Hans Tutschku REMEMBERING JAPAN \u2014 part 1<br>Michael Edwards SE TU PORTI IL VINO, IO FACCIO IL PESTO<br>Kees Tazelaar SERENADE fixed media<br>Ludger Br\u00fcmmer FALLING<\/p>\n\n\n\n<h2 class=\"wp-block-heading\">13.11.<\/h2>\n\n\n\n<p>10:00 Kammermusiksaal Discussion 9: Roman Pfeifer <em>Aside from the common formats, which areas of musical performance include electronics in such a way that different, perhaps un &#8211; expected modes of working and thinking both merge and emerge in an interdisciplinary context?<\/em><\/p>\n\n\n\n<p>11:00 Kammermusiksaal Discussion 10: Marta Gentilucci <em>To what extent does tech &#8211; nology influence or even determine the aesthetics of the electronic composer, and vice-versa?<\/em><\/p>\n\n\n\n<p>13:00 Neue Aula Concert 5 ELECTRIC \/ NOISY \/ CLICKS \/ CUTS<br><br>Dirk Reith PROGRAMM II<br>Jan Baumgart WARP&amp;WOOF<br>Lu\u00eds Antunes Pena SONOROUS LANDSCAPES 1 &amp; 2<br>Florian Zwissler DOPPELBRUNN<br>Byung-Moo Lee SIGMA POINT<br>Hans Tutschku SPACES: HIGH PRESSURE (UA)<\/p>\n\n\n\n<p>15:00 Kammermusiksaal Discussion 11: Thomas Neuhaus <em>What do computers do best and, analogous to this, what does analogue do better?<\/em><\/p>\n\n\n\n<p>16:00 Kammermusiksaal Discussion 12:00 Michael Edwards <em>Perceptual or Conceptual? (in Electronic Music)<\/em><\/p>\n\n\n\n<p>19:30 Neue Aula Concert 6 MIT\/\u00dcBER INSTRUMENTE<br><br>Javier Garavaglia OVERTURE \u2014 in memoriam T.A.T.<br>Hans Tutschku KLAVIERSAMMLUNG<br>Dirk Reith NAHE ZU FERN<br>Marta Gentilucci EXERCICES DE STRATIGRAPHIE<br>Hannes Seidl RE:BOUNCE<br>Maja S. K. Ratkje SINUS SEDUCTION (moods two)<br>Sven Ingo Koch SAXL <br>Marta Gentilucci \u203aAS FAR AS THE EYE CAN SEE\u2039 <br>Maja S. K. Ratkje \u00d8X <br><\/p>\n\n\n\n<p><\/p>\n","protected":false},"excerpt":{"rendered":"<p>Auf dieser Seite eine erste, kurze \u00dcbersicht. Details gibt es in unserem \/ Here is a first, short overview. Details<\/p>\n","protected":false},"author":3,"featured_media":9039,"comment_status":"closed","ping_status":"closed","sticky":false,"template":"","format":"standard","meta":{"_acf_changed":false,"footnotes":""},"categories":[1],"tags":[],"class_list":["post-9145","post","type-post","status-publish","format-standard","has-post-thumbnail","hentry","category-news"],"acf":[],"_links":{"self":[{"href":"https:\/\/icem-www.folkwang-uni.de\/icem-web\/wp-json\/wp\/v2\/posts\/9145","targetHints":{"allow":["GET"]}}],"collection":[{"href":"https:\/\/icem-www.folkwang-uni.de\/icem-web\/wp-json\/wp\/v2\/posts"}],"about":[{"href":"https:\/\/icem-www.folkwang-uni.de\/icem-web\/wp-json\/wp\/v2\/types\/post"}],"author":[{"embeddable":true,"href":"https:\/\/icem-www.folkwang-uni.de\/icem-web\/wp-json\/wp\/v2\/users\/3"}],"replies":[{"embeddable":true,"href":"https:\/\/icem-www.folkwang-uni.de\/icem-web\/wp-json\/wp\/v2\/comments?post=9145"}],"version-history":[{"count":3,"href":"https:\/\/icem-www.folkwang-uni.de\/icem-web\/wp-json\/wp\/v2\/posts\/9145\/revisions"}],"predecessor-version":[{"id":9149,"href":"https:\/\/icem-www.folkwang-uni.de\/icem-web\/wp-json\/wp\/v2\/posts\/9145\/revisions\/9149"}],"wp:featuredmedia":[{"embeddable":true,"href":"https:\/\/icem-www.folkwang-uni.de\/icem-web\/wp-json\/wp\/v2\/media\/9039"}],"wp:attachment":[{"href":"https:\/\/icem-www.folkwang-uni.de\/icem-web\/wp-json\/wp\/v2\/media?parent=9145"}],"wp:term":[{"taxonomy":"category","embeddable":true,"href":"https:\/\/icem-www.folkwang-uni.de\/icem-web\/wp-json\/wp\/v2\/categories?post=9145"},{"taxonomy":"post_tag","embeddable":true,"href":"https:\/\/icem-www.folkwang-uni.de\/icem-web\/wp-json\/wp\/v2\/tags?post=9145"}],"curies":[{"name":"wp","href":"https:\/\/api.w.org\/{rel}","templated":true}]}}