{"id":9367,"date":"2022-08-03T12:08:40","date_gmt":"2022-08-03T10:08:40","guid":{"rendered":"https:\/\/icem-www.folkwang-uni.de\/icem-web\/?p=9367"},"modified":"2023-03-13T10:32:40","modified_gmt":"2023-03-13T09:32:40","slug":"ralf-galberg-r-i-p","status":"publish","type":"post","link":"https:\/\/icem-www.folkwang-uni.de\/icem-web\/ralf-galberg-r-i-p\/","title":{"rendered":"Ralf Galberg R.I.P."},"content":{"rendered":"\n<p>Am Samstag, 30.7.2022 verstarb pl\u00f6tzlich und unerwartet unser \u00e4ltester Mitarbeiter, Ralf Galberg.<\/p>\n\n\n\n<p>Ralf war seit 1982 Mitarbeiter im elektronischen Studio. Er war das<br>lebende Langzeitged\u00e4chtnis, vor allem aber die \u201egute Seele\u201c des ICEM.<\/p>\n\n\n\n<p>Ein toller Mensch und Kollege!<\/p>\n\n\n\n<p>Es f\u00e4llt schwer, sich ein ICEM ohne Ralf vorzustellen.<\/p>\n\n\n\n<p>Ein l\u00e4ngerer Nachruf ist hier auf den Seiten der Folkwang Universit\u00e4t der K\u00fcnste: <\/p>\n\n\n\n<p><a href=\"https:\/\/www.folkwang-uni.de\/home\/hochschule\/aktuell\/vollanzeige\/news-detail\/nachruf-zum-tod-von-ralf-galberg\/\">https:\/\/www.folkwang-uni.de\/home\/hochschule\/vollanzeige\/news-detail\/nachruf-zum-tod-von-ralf-galberg\/<\/a><\/p>\n\n\n\n<figure class=\"wp-block-image size-large\"><img loading=\"lazy\" decoding=\"async\" width=\"527\" height=\"618\" src=\"https:\/\/icem-www.folkwang-uni.de\/icem-web\/wp-content\/uploads\/2022\/08\/Galbergneu-in-schwarzwei\u00df.png\" alt=\"\" class=\"wp-image-9368\"\/><figcaption>Foto: Jorge Vallejo <\/figcaption><\/figure>\n\n\n\n<p><a href=\"https:\/\/www.folkwang-uni.de\/home\/hochschule\/aktuell\/vollanzeige\/news-detail\/nachruf-zum-tod-von-ralf-galberg\/\">https:\/\/www.folkwang-uni.de\/home\/hochschule\/vollanzeige\/news-detail\/nachruf-zum-tod-von-ralf-galberg<\/a><\/p>\n\n\n\n<p><\/p>\n\n\n\n<figure class=\"wp-block-image size-large\"><img loading=\"lazy\" decoding=\"async\" width=\"1020\" height=\"765\" src=\"https:\/\/icem-www.folkwang-uni.de\/icem-web\/wp-content\/uploads\/2022\/08\/ICEM20071108NeueAulaKonzertGottfriedMichaelKoenigFestivalNovemberMusicMitRalfGalbergFoCoMasslichRolandCuxhaven_2147-k-1020x765.jpg\" alt=\"\" class=\"wp-image-9381\" srcset=\"https:\/\/icem-www.folkwang-uni.de\/icem-web\/wp-content\/uploads\/2022\/08\/ICEM20071108NeueAulaKonzertGottfriedMichaelKoenigFestivalNovemberMusicMitRalfGalbergFoCoMasslichRolandCuxhaven_2147-k-1020x765.jpg 1020w, https:\/\/icem-www.folkwang-uni.de\/icem-web\/wp-content\/uploads\/2022\/08\/ICEM20071108NeueAulaKonzertGottfriedMichaelKoenigFestivalNovemberMusicMitRalfGalbergFoCoMasslichRolandCuxhaven_2147-k-632x474.jpg 632w, https:\/\/icem-www.folkwang-uni.de\/icem-web\/wp-content\/uploads\/2022\/08\/ICEM20071108NeueAulaKonzertGottfriedMichaelKoenigFestivalNovemberMusicMitRalfGalbergFoCoMasslichRolandCuxhaven_2147-k-600x450.jpg 600w, https:\/\/icem-www.folkwang-uni.de\/icem-web\/wp-content\/uploads\/2022\/08\/ICEM20071108NeueAulaKonzertGottfriedMichaelKoenigFestivalNovemberMusicMitRalfGalbergFoCoMasslichRolandCuxhaven_2147-k.jpg 1024w\" sizes=\"auto, (max-width: 1020px) 100vw, 1020px\" \/><figcaption>Ralf Galberg (+) am gro\u00dfen Beschallungs-Mischpult am 8. November 2007 beim Konzert mit Kompositionen von Gottfried Michael Koenig (+) und Dirk Reith im Rahmen des ICEM-Festivals &#8217;november music 2007&#8242; in der Neuen Aula der Folkwang Hochschule Essen. (Copyright: Roland Masslich, Cuxhaven)<\/figcaption><\/figure>\n\n\n\n<figure class=\"wp-block-image size-large\"><img loading=\"lazy\" decoding=\"async\" width=\"1020\" height=\"765\" src=\"https:\/\/icem-www.folkwang-uni.de\/icem-web\/wp-content\/uploads\/2022\/08\/ICEM2003OktoberMannschaftSemesterbeginnKammermusiksaalFolkwangHochschuleEssenFoCoICEM-3-1020x765.jpg\" alt=\"\" class=\"wp-image-9382\" srcset=\"https:\/\/icem-www.folkwang-uni.de\/icem-web\/wp-content\/uploads\/2022\/08\/ICEM2003OktoberMannschaftSemesterbeginnKammermusiksaalFolkwangHochschuleEssenFoCoICEM-3-1020x765.jpg 1020w, https:\/\/icem-www.folkwang-uni.de\/icem-web\/wp-content\/uploads\/2022\/08\/ICEM2003OktoberMannschaftSemesterbeginnKammermusiksaalFolkwangHochschuleEssenFoCoICEM-3-632x474.jpg 632w, https:\/\/icem-www.folkwang-uni.de\/icem-web\/wp-content\/uploads\/2022\/08\/ICEM2003OktoberMannschaftSemesterbeginnKammermusiksaalFolkwangHochschuleEssenFoCoICEM-3-600x450.jpg 600w, https:\/\/icem-www.folkwang-uni.de\/icem-web\/wp-content\/uploads\/2022\/08\/ICEM2003OktoberMannschaftSemesterbeginnKammermusiksaalFolkwangHochschuleEssenFoCoICEM-3-1536x1152.jpg 1536w, https:\/\/icem-www.folkwang-uni.de\/icem-web\/wp-content\/uploads\/2022\/08\/ICEM2003OktoberMannschaftSemesterbeginnKammermusiksaalFolkwangHochschuleEssenFoCoICEM-3.jpg 1600w\" sizes=\"auto, (max-width: 1020px) 100vw, 1020px\" \/><figcaption>Ralf Galberg inmitten der ICEM-Mannschaft (ja, leider ganz ohne Ladies) aus Lehrkr\u00e4ften und Technikern zu Wintersemester-Beginn im Oktober 2003 vor dem Folkwang-Kammermusiksaal. (Copyright: ICEM-FolkwangUni, Essen)<\/figcaption><\/figure>\n\n\n\n<figure class=\"wp-block-image size-large\"><img loading=\"lazy\" decoding=\"async\" width=\"1020\" height=\"636\" src=\"https:\/\/icem-www.folkwang-uni.de\/icem-web\/wp-content\/uploads\/2022\/08\/ICEM2011OktoberKlasseSemesterbeginnKammermusiksaalFolkwangHochschuleEssenFoCoICEM-a-k-1020x636.jpg\" alt=\"\" class=\"wp-image-9383\" srcset=\"https:\/\/icem-www.folkwang-uni.de\/icem-web\/wp-content\/uploads\/2022\/08\/ICEM2011OktoberKlasseSemesterbeginnKammermusiksaalFolkwangHochschuleEssenFoCoICEM-a-k-1020x636.jpg 1020w, https:\/\/icem-www.folkwang-uni.de\/icem-web\/wp-content\/uploads\/2022\/08\/ICEM2011OktoberKlasseSemesterbeginnKammermusiksaalFolkwangHochschuleEssenFoCoICEM-a-k-632x394.jpg 632w, https:\/\/icem-www.folkwang-uni.de\/icem-web\/wp-content\/uploads\/2022\/08\/ICEM2011OktoberKlasseSemesterbeginnKammermusiksaalFolkwangHochschuleEssenFoCoICEM-a-k-600x374.jpg 600w, https:\/\/icem-www.folkwang-uni.de\/icem-web\/wp-content\/uploads\/2022\/08\/ICEM2011OktoberKlasseSemesterbeginnKammermusiksaalFolkwangHochschuleEssenFoCoICEM-a-k.jpg 1024w\" sizes=\"auto, (max-width: 1020px) 100vw, 1020px\" \/><figcaption>Ralf Galberg mitten in diesem ICEM-Wimmelbild aus Studierenden, Lehrkr\u00e4ften und Technikern zu Wintersemester-Beginn im Oktober 2011 im Folkwang-Kammermusiksaal. (Copyright: ICEM-FolkwangUni, Essen)<\/figcaption><\/figure>\n","protected":false},"excerpt":{"rendered":"<p>Am Samstag, 30.7.2022 verstarb pl\u00f6tzlich und unerwartet unser \u00e4ltester Mitarbeiter, Ralf Galberg. Ralf war seit 1982 Mitarbeiter im elektronischen Studio.<\/p>\n","protected":false},"author":3,"featured_media":9369,"comment_status":"closed","ping_status":"closed","sticky":false,"template":"","format":"standard","meta":{"_acf_changed":false,"footnotes":""},"categories":[1],"tags":[],"class_list":["post-9367","post","type-post","status-publish","format-standard","has-post-thumbnail","hentry","category-news"],"acf":[],"_links":{"self":[{"href":"https:\/\/icem-www.folkwang-uni.de\/icem-web\/wp-json\/wp\/v2\/posts\/9367","targetHints":{"allow":["GET"]}}],"collection":[{"href":"https:\/\/icem-www.folkwang-uni.de\/icem-web\/wp-json\/wp\/v2\/posts"}],"about":[{"href":"https:\/\/icem-www.folkwang-uni.de\/icem-web\/wp-json\/wp\/v2\/types\/post"}],"author":[{"embeddable":true,"href":"https:\/\/icem-www.folkwang-uni.de\/icem-web\/wp-json\/wp\/v2\/users\/3"}],"replies":[{"embeddable":true,"href":"https:\/\/icem-www.folkwang-uni.de\/icem-web\/wp-json\/wp\/v2\/comments?post=9367"}],"version-history":[{"count":10,"href":"https:\/\/icem-www.folkwang-uni.de\/icem-web\/wp-json\/wp\/v2\/posts\/9367\/revisions"}],"predecessor-version":[{"id":9639,"href":"https:\/\/icem-www.folkwang-uni.de\/icem-web\/wp-json\/wp\/v2\/posts\/9367\/revisions\/9639"}],"wp:featuredmedia":[{"embeddable":true,"href":"https:\/\/icem-www.folkwang-uni.de\/icem-web\/wp-json\/wp\/v2\/media\/9369"}],"wp:attachment":[{"href":"https:\/\/icem-www.folkwang-uni.de\/icem-web\/wp-json\/wp\/v2\/media?parent=9367"}],"wp:term":[{"taxonomy":"category","embeddable":true,"href":"https:\/\/icem-www.folkwang-uni.de\/icem-web\/wp-json\/wp\/v2\/categories?post=9367"},{"taxonomy":"post_tag","embeddable":true,"href":"https:\/\/icem-www.folkwang-uni.de\/icem-web\/wp-json\/wp\/v2\/tags?post=9367"}],"curies":[{"name":"wp","href":"https:\/\/api.w.org\/{rel}","templated":true}]}}