{"id":9720,"date":"2023-06-07T17:49:36","date_gmt":"2023-06-07T15:49:36","guid":{"rendered":"https:\/\/icem-www.folkwang-uni.de\/icem-web\/?p=9720"},"modified":"2023-06-07T17:49:37","modified_gmt":"2023-06-07T15:49:37","slug":"chronatic-quartett-fuer-den-opus-klassik-nominiert","status":"publish","type":"post","link":"https:\/\/icem-www.folkwang-uni.de\/icem-web\/chronatic-quartett-fuer-den-opus-klassik-nominiert\/","title":{"rendered":"Chronatic Quartett f\u00fcr den Opus Klassik nominiert"},"content":{"rendered":"\n<p>Mit seiner Band\u00a0<a href=\"https:\/\/chronaticquartet.com\/\">Chronatic Quartet<\/a>\u00a0hat ICEM Alumnus Benedikt ter Braak im M\u00e4rz das Album &#8222;Karneval der Tiere&#8220; bei Ars Produktion ver\u00f6ffentlicht. Dieses ist jetzt in vier Kategorien f\u00fcr den\u00a0<a href=\"https:\/\/opusklassik.de\/kategorien-nominierte\/\">Opus Klassik<\/a>\u00a0nominiert, au\u00dferdem sind sie kommenden Montag, 12.6. im\u00a0<a href=\"https:\/\/www.zdf.de\/nachrichten\/zdf-morgenmagazin\/musikgaeste-102.html\">ZDF Morgenmagazin<\/a>\u00a0zu Gast. Hier gibt&#8217;s noch ein\u00a0<a href=\"https:\/\/youtu.be\/BFfHC9yLggM\">Musikvideo<\/a>\u00a0zum St\u00fcck &#8222;Hausesel&#8220; von besagtem Album. (Video ist von ICEM Alumna Rebecca (Beyli) ter Braak).<\/p>\n","protected":false},"excerpt":{"rendered":"<p>Mit seiner Band\u00a0Chronatic Quartet\u00a0hat ICEM Alumnus Benedikt ter Braak im M\u00e4rz das Album &#8222;Karneval der Tiere&#8220; bei Ars Produktion ver\u00f6ffentlicht.<\/p>\n","protected":false},"author":3,"featured_media":0,"comment_status":"closed","ping_status":"closed","sticky":false,"template":"","format":"standard","meta":{"_acf_changed":false,"footnotes":""},"categories":[1],"tags":[],"class_list":["post-9720","post","type-post","status-publish","format-standard","hentry","category-news"],"acf":[],"_links":{"self":[{"href":"https:\/\/icem-www.folkwang-uni.de\/icem-web\/wp-json\/wp\/v2\/posts\/9720","targetHints":{"allow":["GET"]}}],"collection":[{"href":"https:\/\/icem-www.folkwang-uni.de\/icem-web\/wp-json\/wp\/v2\/posts"}],"about":[{"href":"https:\/\/icem-www.folkwang-uni.de\/icem-web\/wp-json\/wp\/v2\/types\/post"}],"author":[{"embeddable":true,"href":"https:\/\/icem-www.folkwang-uni.de\/icem-web\/wp-json\/wp\/v2\/users\/3"}],"replies":[{"embeddable":true,"href":"https:\/\/icem-www.folkwang-uni.de\/icem-web\/wp-json\/wp\/v2\/comments?post=9720"}],"version-history":[{"count":1,"href":"https:\/\/icem-www.folkwang-uni.de\/icem-web\/wp-json\/wp\/v2\/posts\/9720\/revisions"}],"predecessor-version":[{"id":9721,"href":"https:\/\/icem-www.folkwang-uni.de\/icem-web\/wp-json\/wp\/v2\/posts\/9720\/revisions\/9721"}],"wp:attachment":[{"href":"https:\/\/icem-www.folkwang-uni.de\/icem-web\/wp-json\/wp\/v2\/media?parent=9720"}],"wp:term":[{"taxonomy":"category","embeddable":true,"href":"https:\/\/icem-www.folkwang-uni.de\/icem-web\/wp-json\/wp\/v2\/categories?post=9720"},{"taxonomy":"post_tag","embeddable":true,"href":"https:\/\/icem-www.folkwang-uni.de\/icem-web\/wp-json\/wp\/v2\/tags?post=9720"}],"curies":[{"name":"wp","href":"https:\/\/api.w.org\/{rel}","templated":true}]}}