{"id":9758,"date":"2023-06-26T13:12:26","date_gmt":"2023-06-26T11:12:26","guid":{"rendered":"https:\/\/icem-www.folkwang-uni.de\/icem-web\/?p=9758"},"modified":"2023-06-26T16:03:52","modified_gmt":"2023-06-26T14:03:52","slug":"letzte-worte-und-der-traum-der-elektrischen-schafe","status":"publish","type":"post","link":"https:\/\/icem-www.folkwang-uni.de\/icem-web\/letzte-worte-und-der-traum-der-elektrischen-schafe\/","title":{"rendered":"Letzte Worte und der Traum der elektrischen Schafe\u00a0"},"content":{"rendered":"\n<figure class=\"wp-block-embed is-type-video is-provider-youtube wp-block-embed-youtube\"><div class=\"wp-block-embed__wrapper\">\n<iframe loading=\"lazy\" title=\"ExMachina Werkstatt mit Orm  Finnendahl (Trailer)\" width=\"840\" height=\"473\" src=\"https:\/\/www.youtube.com\/embed\/1DYNpxcBwjg?feature=oembed\" frameborder=\"0\" allow=\"accelerometer; autoplay; clipboard-write; encrypted-media; gyroscope; picture-in-picture; web-share\" allowfullscreen><\/iframe>\n<\/div><\/figure>\n\n\n\n<p>Ex Machina Werkstatt und Workshop mit Orm Finnendahl am 29.\/30.6.2023<\/p>\n\n\n\n<p>Der Vortrag pr\u00e4sentiert am Beispiel eigener Arbeiten kompositorische<br>Herangehensweisen in den Bereichen instrumentale Praxis im<br>Wechselverh\u00e4ltnis mit Technologie, grafische Veranschaulichung,<br>Klangsynthese und historische Reflektion.<\/p>\n\n\n\n<p>In diesem Zusammenhang wird insbesondere der Umgang mit musikalischer<br>Syntax thematisiert, die in der zeitgen\u00f6ssischen Kompositionspraxis<br>und -theorie zumeist vernachl\u00e4ssigt wird. Anhand unterschiedlicher,<br>auch au\u00dfermusikalischer Beispiele werden auf spielerische Weise<br>Ans\u00e4tze gezeigt, wie man Wahrnehmungsautomatismen f\u00fcr die<br>kompositorische Arbeit nutzbar machen kann.<\/p>\n\n\n\n<p>Im Workshop am Freitag besteht die M\u00f6glichkeit, die verwendeten<br>Verfahren und die daf\u00fcr ma\u00dfgeschneiderten Programmierumgebungen (in<br>Common Lisp, Incudine, Pure Data, JavaScript, OpenCl, OpenGL&#8230;) je<br>nach Interesse der Workshopteilnehmenden vertieft kennenzulernen<\/p>\n","protected":false},"excerpt":{"rendered":"<p>Ex Machina Werkstatt und Workshop mit Orm Finnendahl am 29.\/30.6.2023 Der Vortrag pr\u00e4sentiert am Beispiel eigener Arbeiten kompositorischeHerangehensweisen in den<\/p>\n","protected":false},"author":3,"featured_media":0,"comment_status":"closed","ping_status":"closed","sticky":false,"template":"","format":"standard","meta":{"_acf_changed":false,"footnotes":""},"categories":[1],"tags":[],"class_list":["post-9758","post","type-post","status-publish","format-standard","hentry","category-news"],"acf":[],"_links":{"self":[{"href":"https:\/\/icem-www.folkwang-uni.de\/icem-web\/wp-json\/wp\/v2\/posts\/9758","targetHints":{"allow":["GET"]}}],"collection":[{"href":"https:\/\/icem-www.folkwang-uni.de\/icem-web\/wp-json\/wp\/v2\/posts"}],"about":[{"href":"https:\/\/icem-www.folkwang-uni.de\/icem-web\/wp-json\/wp\/v2\/types\/post"}],"author":[{"embeddable":true,"href":"https:\/\/icem-www.folkwang-uni.de\/icem-web\/wp-json\/wp\/v2\/users\/3"}],"replies":[{"embeddable":true,"href":"https:\/\/icem-www.folkwang-uni.de\/icem-web\/wp-json\/wp\/v2\/comments?post=9758"}],"version-history":[{"count":5,"href":"https:\/\/icem-www.folkwang-uni.de\/icem-web\/wp-json\/wp\/v2\/posts\/9758\/revisions"}],"predecessor-version":[{"id":9764,"href":"https:\/\/icem-www.folkwang-uni.de\/icem-web\/wp-json\/wp\/v2\/posts\/9758\/revisions\/9764"}],"wp:attachment":[{"href":"https:\/\/icem-www.folkwang-uni.de\/icem-web\/wp-json\/wp\/v2\/media?parent=9758"}],"wp:term":[{"taxonomy":"category","embeddable":true,"href":"https:\/\/icem-www.folkwang-uni.de\/icem-web\/wp-json\/wp\/v2\/categories?post=9758"},{"taxonomy":"post_tag","embeddable":true,"href":"https:\/\/icem-www.folkwang-uni.de\/icem-web\/wp-json\/wp\/v2\/tags?post=9758"}],"curies":[{"name":"wp","href":"https:\/\/api.w.org\/{rel}","templated":true}]}}