{"id":9766,"date":"2023-07-01T22:47:26","date_gmt":"2023-07-01T20:47:26","guid":{"rendered":"https:\/\/icem-www.folkwang-uni.de\/icem-web\/?p=9766"},"modified":"2023-07-01T22:48:06","modified_gmt":"2023-07-01T20:48:06","slug":"sound-out-3-mit-florian-zwissler","status":"publish","type":"post","link":"https:\/\/icem-www.folkwang-uni.de\/icem-web\/sound-out-3-mit-florian-zwissler\/","title":{"rendered":"sound out #3 mit Florian Zwi\u00dfler"},"content":{"rendered":"\n<p>In den folgenden sechzehneinhalb Minuten der dritten Folge von <em>sound out<\/em> zeichnet Theo Voerste, in Konversation, ein Bild des Komponisten und Musikers Florian Zwi\u00dfler.<\/p>\n\n\n\n<p>Weitere Informationen zum Komponisten: <a href=\"http:\/\/florianzwissler.de\">http:\/\/florianzwissler.de<\/a><\/p>\n\n\n\n<figure class=\"wp-block-embed is-type-video is-provider-youtube wp-block-embed-youtube wp-embed-aspect-16-9 wp-has-aspect-ratio\"><div class=\"wp-block-embed__wrapper\">\n<iframe loading=\"lazy\" title=\"sound out #3 \u2013 Florian Zwi\u00dfler\" width=\"840\" height=\"473\" src=\"https:\/\/www.youtube.com\/embed\/WPzwELI8iCQ?feature=oembed\" frameborder=\"0\" allow=\"accelerometer; autoplay; clipboard-write; encrypted-media; gyroscope; picture-in-picture; web-share\" allowfullscreen><\/iframe>\n<\/div><\/figure>\n\n\n\n<h3 class=\"wp-block-heading\">\u00dcber <em>sound out<\/em><\/h3>\n\n\n\n<p>Der Podcast <em>sound out<\/em> stellt sich der Perspektive des \u00bboffenen Jetzt\u00ab gegenw\u00e4rtig schaffender Komponist\u00efnnen elektronischer Musik. Studierende des Seminars \u00bbGeschichte der elektronischen Musik\u00ab (Prof. Michael Edwards) beleuchten in Gespr\u00e4chen und Portraits \u00e4sthetische Grundlagen, k\u00fcnstlerisch-kulturelle Referenzpunkte und mediale Bedingtheiten der Arbeit von Zeitgenoss\u00efnnen, und werfen mitunter Seitenblicke auf historiographische Zug\u00e4nge zur nicht unproblematischen Topographie dieser Gattung.<\/p>\n\n\n\n<p><em>sound out<\/em> erscheint monatlich auf den Seiten des Instituts f\u00fcr Computermusik und Elektronische Medien (ICEM) der Folkwang Universit\u00e4t der K\u00fcnste Essen und wird redaktionell betreut von Ruben Philipp.<\/p>\n","protected":false},"excerpt":{"rendered":"<p>In den folgenden sechzehneinhalb Minuten der dritten Folge von sound out zeichnet Theo Voerste, in Konversation, ein Bild des Komponisten<\/p>\n","protected":false},"author":77,"featured_media":9767,"comment_status":"closed","ping_status":"closed","sticky":false,"template":"","format":"standard","meta":{"_acf_changed":false,"footnotes":""},"categories":[1],"tags":[92],"class_list":["post-9766","post","type-post","status-publish","format-standard","has-post-thumbnail","hentry","category-news","tag-sound-out"],"acf":[],"_links":{"self":[{"href":"https:\/\/icem-www.folkwang-uni.de\/icem-web\/wp-json\/wp\/v2\/posts\/9766","targetHints":{"allow":["GET"]}}],"collection":[{"href":"https:\/\/icem-www.folkwang-uni.de\/icem-web\/wp-json\/wp\/v2\/posts"}],"about":[{"href":"https:\/\/icem-www.folkwang-uni.de\/icem-web\/wp-json\/wp\/v2\/types\/post"}],"author":[{"embeddable":true,"href":"https:\/\/icem-www.folkwang-uni.de\/icem-web\/wp-json\/wp\/v2\/users\/77"}],"replies":[{"embeddable":true,"href":"https:\/\/icem-www.folkwang-uni.de\/icem-web\/wp-json\/wp\/v2\/comments?post=9766"}],"version-history":[{"count":3,"href":"https:\/\/icem-www.folkwang-uni.de\/icem-web\/wp-json\/wp\/v2\/posts\/9766\/revisions"}],"predecessor-version":[{"id":9770,"href":"https:\/\/icem-www.folkwang-uni.de\/icem-web\/wp-json\/wp\/v2\/posts\/9766\/revisions\/9770"}],"wp:featuredmedia":[{"embeddable":true,"href":"https:\/\/icem-www.folkwang-uni.de\/icem-web\/wp-json\/wp\/v2\/media\/9767"}],"wp:attachment":[{"href":"https:\/\/icem-www.folkwang-uni.de\/icem-web\/wp-json\/wp\/v2\/media?parent=9766"}],"wp:term":[{"taxonomy":"category","embeddable":true,"href":"https:\/\/icem-www.folkwang-uni.de\/icem-web\/wp-json\/wp\/v2\/categories?post=9766"},{"taxonomy":"post_tag","embeddable":true,"href":"https:\/\/icem-www.folkwang-uni.de\/icem-web\/wp-json\/wp\/v2\/tags?post=9766"}],"curies":[{"name":"wp","href":"https:\/\/api.w.org\/{rel}","templated":true}]}}