{"id":9956,"date":"2024-04-09T15:00:00","date_gmt":"2024-04-09T13:00:00","guid":{"rendered":"https:\/\/icem-www.folkwang-uni.de\/icem-web\/?p=9956"},"modified":"2024-04-09T15:52:57","modified_gmt":"2024-04-09T13:52:57","slug":"sound-out-5-mit-leon-focker","status":"publish","type":"post","link":"https:\/\/icem-www.folkwang-uni.de\/icem-web\/sound-out-5-mit-leon-focker\/","title":{"rendered":"sound out #5 mit Leon Focker"},"content":{"rendered":"\n<p>P\u00fcnktlich zu Beginn des Sommersemesters 2024 erscheint diese neue Ausgabe des Podcasts <em>direct out<\/em> mit einem Beitrag von Franz Leyer \u00fcber den Komponisten Leon Focker. <\/p>\n\n\n\n<figure class=\"wp-block-embed is-type-video is-provider-youtube wp-block-embed-youtube wp-embed-aspect-16-9 wp-has-aspect-ratio\"><div class=\"wp-block-embed__wrapper\">\n<iframe loading=\"lazy\" title=\"sound out #5 \u2013 Leon Focker\" width=\"840\" height=\"473\" src=\"https:\/\/www.youtube.com\/embed\/lBRdhQis94A?feature=oembed\" frameborder=\"0\" allow=\"accelerometer; autoplay; clipboard-write; encrypted-media; gyroscope; picture-in-picture; web-share\" referrerpolicy=\"strict-origin-when-cross-origin\" allowfullscreen><\/iframe>\n<\/div><\/figure>\n\n\n\n<p>Weitere Informationen zum Komponisten finden sich auf seiner Internetseite <a href=\"http:\/\/leonfocker.de\">http:\/\/leonfocker.de<\/a><\/p>\n\n\n\n<h2 class=\"wp-block-heading\">\u00dcber <em>sound out<\/em><\/h2>\n\n\n\n<p>Der Podcast <em>sound out<\/em> stellt sich der Perspektive des \u00bboffenen Jetzt\u00ab gegenw\u00e4rtig schaffender Komponist\u00efnnen elektronischer Musik. Studierende des Seminars \u00bbGeschichte der elektronischen Musik\u00ab (Prof. Michael Edwards) beleuchten in Gespr\u00e4chen und Portraits \u00e4sthetische Grundlagen, k\u00fcnstlerisch-kulturelle Referenzpunkte und mediale Bedingtheiten der Arbeit von Zeitgenoss\u00efnnen, und werfen mitunter Seitenblicke auf historiographische Zug\u00e4nge zur nicht unproblematischen Topographie dieser Gattung.<\/p>\n\n\n\n<p><em>sound out<\/em> erscheint monatlich auf den Seiten des Instituts f\u00fcr Computermusik und Elektronische Medien (ICEM) der Folkwang Universit\u00e4t der K\u00fcnste Essen und wird redaktionell betreut von Ruben Philipp.<\/p>\n","protected":false},"excerpt":{"rendered":"<p>P\u00fcnktlich zu Beginn des Sommersemesters 2024 erscheint diese neue Ausgabe des Podcasts direct out mit einem Beitrag von Franz Leyer<\/p>\n","protected":false},"author":77,"featured_media":9959,"comment_status":"closed","ping_status":"closed","sticky":false,"template":"","format":"standard","meta":{"_acf_changed":false,"footnotes":""},"categories":[1],"tags":[92],"class_list":["post-9956","post","type-post","status-publish","format-standard","has-post-thumbnail","hentry","category-news","tag-sound-out"],"acf":[],"_links":{"self":[{"href":"https:\/\/icem-www.folkwang-uni.de\/icem-web\/wp-json\/wp\/v2\/posts\/9956","targetHints":{"allow":["GET"]}}],"collection":[{"href":"https:\/\/icem-www.folkwang-uni.de\/icem-web\/wp-json\/wp\/v2\/posts"}],"about":[{"href":"https:\/\/icem-www.folkwang-uni.de\/icem-web\/wp-json\/wp\/v2\/types\/post"}],"author":[{"embeddable":true,"href":"https:\/\/icem-www.folkwang-uni.de\/icem-web\/wp-json\/wp\/v2\/users\/77"}],"replies":[{"embeddable":true,"href":"https:\/\/icem-www.folkwang-uni.de\/icem-web\/wp-json\/wp\/v2\/comments?post=9956"}],"version-history":[{"count":1,"href":"https:\/\/icem-www.folkwang-uni.de\/icem-web\/wp-json\/wp\/v2\/posts\/9956\/revisions"}],"predecessor-version":[{"id":9960,"href":"https:\/\/icem-www.folkwang-uni.de\/icem-web\/wp-json\/wp\/v2\/posts\/9956\/revisions\/9960"}],"wp:featuredmedia":[{"embeddable":true,"href":"https:\/\/icem-www.folkwang-uni.de\/icem-web\/wp-json\/wp\/v2\/media\/9959"}],"wp:attachment":[{"href":"https:\/\/icem-www.folkwang-uni.de\/icem-web\/wp-json\/wp\/v2\/media?parent=9956"}],"wp:term":[{"taxonomy":"category","embeddable":true,"href":"https:\/\/icem-www.folkwang-uni.de\/icem-web\/wp-json\/wp\/v2\/categories?post=9956"},{"taxonomy":"post_tag","embeddable":true,"href":"https:\/\/icem-www.folkwang-uni.de\/icem-web\/wp-json\/wp\/v2\/tags?post=9956"}],"curies":[{"name":"wp","href":"https:\/\/api.w.org\/{rel}","templated":true}]}}